{"id":432,"date":"2013-05-10T23:00:00","date_gmt":"2013-05-10T21:00:00","guid":{"rendered":"http:\/\/k047968.hosting.kinamo.be\/index.php\/2013\/05\/10\/assemblage-cuvee-qlaurenzq-2\/"},"modified":"2016-01-18T10:00:09","modified_gmt":"2016-01-18T09:00:09","slug":"assemblage-cuvee-qlaurenzq","status":"publish","type":"post","link":"https:\/\/whynotwein.eu\/fr\/c42-fr-evenements\/2013\/05\/10\/assemblage-cuvee-qlaurenzq\/","title":{"rendered":"Assemblage Cuv\u00e9e &#8220;Laurenz&#8221;"},"content":{"rendered":"\n<p>Durch die Gro\u00dfz\u00fcgigkeit des befreundeten Weingutes STIEGELMAR, hatte ich die Gelegenheit bekommen meinen eigenen Rotwein zu kreieren. Nach etlichen Versuchen im Weinkeller fand ich mit etwas Hilfe von J\u00fcrgen Stiegelmar die richtige Mischung f\u00fcr den Cuv\u00e9e &#8220;LAURENZ&#8221;, benannt nach meinem neugeborenen Sohn. Eine sch\u00f6ne Mischung aus \u00f6sterreichischen und internationalen Trauben liegt bereits im Holzfa\u00df und wird im Jahr 2014 in Magnumflaschen abgef\u00fcllt.<\/p>\n<p>Ich hoffe dieser Wein h\u00e4lt das, was er jetzt schon verspricht!<\/p>\n","protected":false},"excerpt":{"rendered":"<p>Durch die Gro\u00dfz\u00fcgigkeit des befreundeten Weingutes STIEGELMAR, hatte ich die Gelegenheit bekommen meinen eigenen Rotwein zu kreieren. Nach etlichen Versuchen im Weinkeller fand ich mit etwas Hilfe von J\u00fcrgen Stiegelmar die richtige Mischung f\u00fcr den Cuv\u00e9e &#8220;LAURENZ&#8221;, benannt nach meinem neugeborenen Sohn. Eine sch\u00f6ne Mischung aus \u00f6sterreichischen und internationalen Trauben liegt bereits im Holzfa\u00df und [&hellip;]<\/p>\n","protected":false},"author":2345,"featured_media":8183,"comment_status":"open","ping_status":"open","sticky":false,"template":"","format":"gallery","meta":{"_eb_attr":"","_uag_custom_page_level_css":"","site-sidebar-layout":"default","site-content-layout":"","ast-site-content-layout":"default","site-content-style":"default","site-sidebar-style":"default","ast-global-header-display":"","ast-banner-title-visibility":"","ast-main-header-display":"","ast-hfb-above-header-display":"","ast-hfb-below-header-display":"","ast-hfb-mobile-header-display":"","site-post-title":"","ast-breadcrumbs-content":"","ast-featured-img":"","footer-sml-layout":"","ast-disable-related-posts":"","theme-transparent-header-meta":"","adv-header-id-meta":"","stick-header-meta":"","header-above-stick-meta":"","header-main-stick-meta":"","header-below-stick-meta":"","astra-migrate-meta-layouts":"default","ast-page-background-enabled":"default","ast-page-background-meta":{"desktop":{"background-color":"var(--ast-global-color-4)","background-image":"","background-repeat":"repeat","background-position":"center center","background-size":"auto","background-attachment":"scroll","background-type":"","background-media":"","overlay-type":"","overlay-color":"","overlay-opacity":"","overlay-gradient":""},"tablet":{"background-color":"","background-image":"","background-repeat":"repeat","background-position":"center center","background-size":"auto","background-attachment":"scroll","background-type":"","background-media":"","overlay-type":"","overlay-color":"","overlay-opacity":"","overlay-gradient":""},"mobile":{"background-color":"","background-image":"","background-repeat":"repeat","background-position":"center center","background-size":"auto","background-attachment":"scroll","background-type":"","background-media":"","overlay-type":"","overlay-color":"","overlay-opacity":"","overlay-gradient":""}},"ast-content-background-meta":{"desktop":{"background-color":"var(--ast-global-color-5)","background-image":"","background-repeat":"repeat","background-position":"center center","background-size":"auto","background-attachment":"scroll","background-type":"","background-media":"","overlay-type":"","overlay-color":"","overlay-opacity":"","overlay-gradient":""},"tablet":{"background-color":"var(--ast-global-color-5)","background-image":"","background-repeat":"repeat","background-position":"center center","background-size":"auto","background-attachment":"scroll","background-type":"","background-media":"","overlay-type":"","overlay-color":"","overlay-opacity":"","overlay-gradient":""},"mobile":{"background-color":"var(--ast-global-color-5)","background-image":"","background-repeat":"repeat","background-position":"center center","background-size":"auto","background-attachment":"scroll","background-type":"","background-media":"","overlay-type":"","overlay-color":"","overlay-opacity":"","overlay-gradient":""}},"footnotes":""},"categories":[29],"tags":[],"class_list":["post-432","post","type-post","status-publish","format-gallery","has-post-thumbnail","hentry","category-c42-fr-evenements","post_format-post-format-gallery"],"yoast_head":"<!-- This site is optimized with the Yoast SEO plugin v27.3 - https:\/\/yoast.com\/product\/yoast-seo-wordpress\/ -->\n<title>Assemblage Cuv\u00e9e &quot;Laurenz&quot; - WhyNotWein<\/title>\n<meta name=\"robots\" content=\"index, follow, max-snippet:-1, max-image-preview:large, max-video-preview:-1\" \/>\n<link rel=\"canonical\" href=\"https:\/\/whynotwein.eu\/fr\/c42-fr-evenements\/2013\/05\/10\/assemblage-cuvee-qlaurenzq\/\" \/>\n<meta property=\"og:locale\" content=\"fr_FR\" \/>\n<meta property=\"og:type\" content=\"article\" \/>\n<meta property=\"og:title\" content=\"Assemblage Cuv\u00e9e &quot;Laurenz&quot; - WhyNotWein\" \/>\n<meta property=\"og:description\" content=\"Durch die Gro\u00dfz\u00fcgigkeit des befreundeten Weingutes STIEGELMAR, hatte ich die Gelegenheit bekommen meinen eigenen Rotwein zu kreieren. Nach etlichen Versuchen im Weinkeller fand ich mit etwas Hilfe von J\u00fcrgen Stiegelmar die richtige Mischung f\u00fcr den Cuv\u00e9e &#8220;LAURENZ&#8221;, benannt nach meinem neugeborenen Sohn. Eine sch\u00f6ne Mischung aus \u00f6sterreichischen und internationalen Trauben liegt bereits im Holzfa\u00df und [&hellip;]\" \/>\n<meta property=\"og:url\" content=\"https:\/\/whynotwein.eu\/fr\/c42-fr-evenements\/2013\/05\/10\/assemblage-cuvee-qlaurenzq\/\" \/>\n<meta property=\"og:site_name\" content=\"WhyNotWein\" \/>\n<meta property=\"article:published_time\" content=\"2013-05-10T21:00:00+00:00\" \/>\n<meta property=\"article:modified_time\" content=\"2016-01-18T09:00:09+00:00\" \/>\n<meta property=\"og:image\" content=\"https:\/\/whynotwein.eu\/wp-content\/uploads\/2013\/05\/Assemblage2013.png\" \/>\n\t<meta property=\"og:image:width\" content=\"600\" \/>\n\t<meta property=\"og:image:height\" content=\"611\" \/>\n\t<meta property=\"og:image:type\" content=\"image\/png\" \/>\n<meta name=\"author\" content=\"Ren\u00e9 Clausen\" \/>\n<meta name=\"twitter:card\" content=\"summary_large_image\" \/>\n<meta name=\"twitter:label1\" content=\"\u00c9crit par\" \/>\n\t<meta name=\"twitter:data1\" content=\"Ren\u00e9 Clausen\" \/>\n<script type=\"application\/ld+json\" class=\"yoast-schema-graph\">{\"@context\":\"https:\\\/\\\/schema.org\",\"@graph\":[{\"@type\":\"Article\",\"@id\":\"https:\\\/\\\/whynotwein.eu\\\/fr\\\/c42-fr-evenements\\\/2013\\\/05\\\/10\\\/assemblage-cuvee-qlaurenzq\\\/#article\",\"isPartOf\":{\"@id\":\"https:\\\/\\\/whynotwein.eu\\\/fr\\\/c42-fr-evenements\\\/2013\\\/05\\\/10\\\/assemblage-cuvee-qlaurenzq\\\/\"},\"author\":{\"name\":\"Ren\u00e9 Clausen\",\"@id\":\"https:\\\/\\\/whynotwein.eu\\\/fr\\\/#\\\/schema\\\/person\\\/f0084fde0f56ffed341ea2262b985a7a\"},\"headline\":\"Assemblage Cuv\u00e9e &#8220;Laurenz&#8221;\",\"datePublished\":\"2013-05-10T21:00:00+00:00\",\"dateModified\":\"2016-01-18T09:00:09+00:00\",\"mainEntityOfPage\":{\"@id\":\"https:\\\/\\\/whynotwein.eu\\\/fr\\\/c42-fr-evenements\\\/2013\\\/05\\\/10\\\/assemblage-cuvee-qlaurenzq\\\/\"},\"wordCount\":84,\"commentCount\":0,\"publisher\":{\"@id\":\"https:\\\/\\\/whynotwein.eu\\\/fr\\\/#organization\"},\"image\":{\"@id\":\"https:\\\/\\\/whynotwein.eu\\\/fr\\\/c42-fr-evenements\\\/2013\\\/05\\\/10\\\/assemblage-cuvee-qlaurenzq\\\/#primaryimage\"},\"thumbnailUrl\":\"https:\\\/\\\/pswp.fra1.digitaloceanspaces.com\\\/w\\\/20250922171210\\\/Assemblage2013.png\",\"articleSection\":[\"Ev\u00e9nements\"],\"inLanguage\":\"fr-FR\",\"potentialAction\":[{\"@type\":\"CommentAction\",\"name\":\"Comment\",\"target\":[\"https:\\\/\\\/whynotwein.eu\\\/fr\\\/c42-fr-evenements\\\/2013\\\/05\\\/10\\\/assemblage-cuvee-qlaurenzq\\\/#respond\"]}]},{\"@type\":\"WebPage\",\"@id\":\"https:\\\/\\\/whynotwein.eu\\\/fr\\\/c42-fr-evenements\\\/2013\\\/05\\\/10\\\/assemblage-cuvee-qlaurenzq\\\/\",\"url\":\"https:\\\/\\\/whynotwein.eu\\\/fr\\\/c42-fr-evenements\\\/2013\\\/05\\\/10\\\/assemblage-cuvee-qlaurenzq\\\/\",\"name\":\"Assemblage Cuv\u00e9e \\\"Laurenz\\\" - WhyNotWein\",\"isPartOf\":{\"@id\":\"https:\\\/\\\/whynotwein.eu\\\/fr\\\/#website\"},\"primaryImageOfPage\":{\"@id\":\"https:\\\/\\\/whynotwein.eu\\\/fr\\\/c42-fr-evenements\\\/2013\\\/05\\\/10\\\/assemblage-cuvee-qlaurenzq\\\/#primaryimage\"},\"image\":{\"@id\":\"https:\\\/\\\/whynotwein.eu\\\/fr\\\/c42-fr-evenements\\\/2013\\\/05\\\/10\\\/assemblage-cuvee-qlaurenzq\\\/#primaryimage\"},\"thumbnailUrl\":\"https:\\\/\\\/pswp.fra1.digitaloceanspaces.com\\\/w\\\/20250922171210\\\/Assemblage2013.png\",\"datePublished\":\"2013-05-10T21:00:00+00:00\",\"dateModified\":\"2016-01-18T09:00:09+00:00\",\"breadcrumb\":{\"@id\":\"https:\\\/\\\/whynotwein.eu\\\/fr\\\/c42-fr-evenements\\\/2013\\\/05\\\/10\\\/assemblage-cuvee-qlaurenzq\\\/#breadcrumb\"},\"inLanguage\":\"fr-FR\",\"potentialAction\":[{\"@type\":\"ReadAction\",\"target\":[\"https:\\\/\\\/whynotwein.eu\\\/fr\\\/c42-fr-evenements\\\/2013\\\/05\\\/10\\\/assemblage-cuvee-qlaurenzq\\\/\"]}]},{\"@type\":\"ImageObject\",\"inLanguage\":\"fr-FR\",\"@id\":\"https:\\\/\\\/whynotwein.eu\\\/fr\\\/c42-fr-evenements\\\/2013\\\/05\\\/10\\\/assemblage-cuvee-qlaurenzq\\\/#primaryimage\",\"url\":\"https:\\\/\\\/pswp.fra1.digitaloceanspaces.com\\\/w\\\/20250922171210\\\/Assemblage2013.png\",\"contentUrl\":\"https:\\\/\\\/pswp.fra1.digitaloceanspaces.com\\\/w\\\/20250922171210\\\/Assemblage2013.png\",\"width\":600,\"height\":611},{\"@type\":\"BreadcrumbList\",\"@id\":\"https:\\\/\\\/whynotwein.eu\\\/fr\\\/c42-fr-evenements\\\/2013\\\/05\\\/10\\\/assemblage-cuvee-qlaurenzq\\\/#breadcrumb\",\"itemListElement\":[{\"@type\":\"ListItem\",\"position\":1,\"name\":\"Home\",\"item\":\"https:\\\/\\\/whynotwein.eu\\\/fr\\\/\"},{\"@type\":\"ListItem\",\"position\":2,\"name\":\"Assemblage Cuv\u00e9e \u00ab\u00a0Laurenz\u00a0\u00bb\"}]},{\"@type\":\"WebSite\",\"@id\":\"https:\\\/\\\/whynotwein.eu\\\/fr\\\/#website\",\"url\":\"https:\\\/\\\/whynotwein.eu\\\/fr\\\/\",\"name\":\"WhyNotWein\",\"description\":\"Austrian Wines in Belgium\",\"publisher\":{\"@id\":\"https:\\\/\\\/whynotwein.eu\\\/fr\\\/#organization\"},\"potentialAction\":[{\"@type\":\"SearchAction\",\"target\":{\"@type\":\"EntryPoint\",\"urlTemplate\":\"https:\\\/\\\/whynotwein.eu\\\/fr\\\/?s={search_term_string}\"},\"query-input\":{\"@type\":\"PropertyValueSpecification\",\"valueRequired\":true,\"valueName\":\"search_term_string\"}}],\"inLanguage\":\"fr-FR\"},{\"@type\":\"Organization\",\"@id\":\"https:\\\/\\\/whynotwein.eu\\\/fr\\\/#organization\",\"name\":\"WhyNotWein\",\"url\":\"https:\\\/\\\/whynotwein.eu\\\/fr\\\/\",\"logo\":{\"@type\":\"ImageObject\",\"inLanguage\":\"fr-FR\",\"@id\":\"https:\\\/\\\/whynotwein.eu\\\/fr\\\/#\\\/schema\\\/logo\\\/image\\\/\",\"url\":\"https:\\\/\\\/whynotwein.eu\\\/wp-content\\\/uploads\\\/2015\\\/12\\\/WhyNotWein_Logo_340.png\",\"contentUrl\":\"https:\\\/\\\/whynotwein.eu\\\/wp-content\\\/uploads\\\/2015\\\/12\\\/WhyNotWein_Logo_340.png\",\"width\":340,\"height\":156,\"caption\":\"WhyNotWein\"},\"image\":{\"@id\":\"https:\\\/\\\/whynotwein.eu\\\/fr\\\/#\\\/schema\\\/logo\\\/image\\\/\"}},{\"@type\":\"Person\",\"@id\":\"https:\\\/\\\/whynotwein.eu\\\/fr\\\/#\\\/schema\\\/person\\\/f0084fde0f56ffed341ea2262b985a7a\",\"name\":\"Ren\u00e9 Clausen\",\"image\":{\"@type\":\"ImageObject\",\"inLanguage\":\"fr-FR\",\"@id\":\"https:\\\/\\\/secure.gravatar.com\\\/avatar\\\/8daa49b7d100944f0b74fc367a6e5f66fc84faf4e17c6869b24f1c213416e860?s=96&d=mm&r=g\",\"url\":\"https:\\\/\\\/secure.gravatar.com\\\/avatar\\\/8daa49b7d100944f0b74fc367a6e5f66fc84faf4e17c6869b24f1c213416e860?s=96&d=mm&r=g\",\"contentUrl\":\"https:\\\/\\\/secure.gravatar.com\\\/avatar\\\/8daa49b7d100944f0b74fc367a6e5f66fc84faf4e17c6869b24f1c213416e860?s=96&d=mm&r=g\",\"caption\":\"Ren\u00e9 Clausen\"},\"url\":\"https:\\\/\\\/whynotwein.eu\\\/fr\\\/author\\\/rene\\\/\"}]}<\/script>\n<!-- \/ Yoast SEO plugin. -->","yoast_head_json":{"title":"Assemblage Cuv\u00e9e \"Laurenz\" - WhyNotWein","robots":{"index":"index","follow":"follow","max-snippet":"max-snippet:-1","max-image-preview":"max-image-preview:large","max-video-preview":"max-video-preview:-1"},"canonical":"https:\/\/whynotwein.eu\/fr\/c42-fr-evenements\/2013\/05\/10\/assemblage-cuvee-qlaurenzq\/","og_locale":"fr_FR","og_type":"article","og_title":"Assemblage Cuv\u00e9e \"Laurenz\" - WhyNotWein","og_description":"Durch die Gro\u00dfz\u00fcgigkeit des befreundeten Weingutes STIEGELMAR, hatte ich die Gelegenheit bekommen meinen eigenen Rotwein zu kreieren. Nach etlichen Versuchen im Weinkeller fand ich mit etwas Hilfe von J\u00fcrgen Stiegelmar die richtige Mischung f\u00fcr den Cuv\u00e9e &#8220;LAURENZ&#8221;, benannt nach meinem neugeborenen Sohn. Eine sch\u00f6ne Mischung aus \u00f6sterreichischen und internationalen Trauben liegt bereits im Holzfa\u00df und [&hellip;]","og_url":"https:\/\/whynotwein.eu\/fr\/c42-fr-evenements\/2013\/05\/10\/assemblage-cuvee-qlaurenzq\/","og_site_name":"WhyNotWein","article_published_time":"2013-05-10T21:00:00+00:00","article_modified_time":"2016-01-18T09:00:09+00:00","og_image":[{"width":600,"height":611,"url":"https:\/\/whynotwein.eu\/wp-content\/uploads\/2013\/05\/Assemblage2013.png","type":"image\/png"}],"author":"Ren\u00e9 Clausen","twitter_card":"summary_large_image","twitter_misc":{"\u00c9crit par":"Ren\u00e9 Clausen"},"schema":{"@context":"https:\/\/schema.org","@graph":[{"@type":"Article","@id":"https:\/\/whynotwein.eu\/fr\/c42-fr-evenements\/2013\/05\/10\/assemblage-cuvee-qlaurenzq\/#article","isPartOf":{"@id":"https:\/\/whynotwein.eu\/fr\/c42-fr-evenements\/2013\/05\/10\/assemblage-cuvee-qlaurenzq\/"},"author":{"name":"Ren\u00e9 Clausen","@id":"https:\/\/whynotwein.eu\/fr\/#\/schema\/person\/f0084fde0f56ffed341ea2262b985a7a"},"headline":"Assemblage Cuv\u00e9e &#8220;Laurenz&#8221;","datePublished":"2013-05-10T21:00:00+00:00","dateModified":"2016-01-18T09:00:09+00:00","mainEntityOfPage":{"@id":"https:\/\/whynotwein.eu\/fr\/c42-fr-evenements\/2013\/05\/10\/assemblage-cuvee-qlaurenzq\/"},"wordCount":84,"commentCount":0,"publisher":{"@id":"https:\/\/whynotwein.eu\/fr\/#organization"},"image":{"@id":"https:\/\/whynotwein.eu\/fr\/c42-fr-evenements\/2013\/05\/10\/assemblage-cuvee-qlaurenzq\/#primaryimage"},"thumbnailUrl":"https:\/\/pswp.fra1.digitaloceanspaces.com\/w\/20250922171210\/Assemblage2013.png","articleSection":["Ev\u00e9nements"],"inLanguage":"fr-FR","potentialAction":[{"@type":"CommentAction","name":"Comment","target":["https:\/\/whynotwein.eu\/fr\/c42-fr-evenements\/2013\/05\/10\/assemblage-cuvee-qlaurenzq\/#respond"]}]},{"@type":"WebPage","@id":"https:\/\/whynotwein.eu\/fr\/c42-fr-evenements\/2013\/05\/10\/assemblage-cuvee-qlaurenzq\/","url":"https:\/\/whynotwein.eu\/fr\/c42-fr-evenements\/2013\/05\/10\/assemblage-cuvee-qlaurenzq\/","name":"Assemblage Cuv\u00e9e \"Laurenz\" - WhyNotWein","isPartOf":{"@id":"https:\/\/whynotwein.eu\/fr\/#website"},"primaryImageOfPage":{"@id":"https:\/\/whynotwein.eu\/fr\/c42-fr-evenements\/2013\/05\/10\/assemblage-cuvee-qlaurenzq\/#primaryimage"},"image":{"@id":"https:\/\/whynotwein.eu\/fr\/c42-fr-evenements\/2013\/05\/10\/assemblage-cuvee-qlaurenzq\/#primaryimage"},"thumbnailUrl":"https:\/\/pswp.fra1.digitaloceanspaces.com\/w\/20250922171210\/Assemblage2013.png","datePublished":"2013-05-10T21:00:00+00:00","dateModified":"2016-01-18T09:00:09+00:00","breadcrumb":{"@id":"https:\/\/whynotwein.eu\/fr\/c42-fr-evenements\/2013\/05\/10\/assemblage-cuvee-qlaurenzq\/#breadcrumb"},"inLanguage":"fr-FR","potentialAction":[{"@type":"ReadAction","target":["https:\/\/whynotwein.eu\/fr\/c42-fr-evenements\/2013\/05\/10\/assemblage-cuvee-qlaurenzq\/"]}]},{"@type":"ImageObject","inLanguage":"fr-FR","@id":"https:\/\/whynotwein.eu\/fr\/c42-fr-evenements\/2013\/05\/10\/assemblage-cuvee-qlaurenzq\/#primaryimage","url":"https:\/\/pswp.fra1.digitaloceanspaces.com\/w\/20250922171210\/Assemblage2013.png","contentUrl":"https:\/\/pswp.fra1.digitaloceanspaces.com\/w\/20250922171210\/Assemblage2013.png","width":600,"height":611},{"@type":"BreadcrumbList","@id":"https:\/\/whynotwein.eu\/fr\/c42-fr-evenements\/2013\/05\/10\/assemblage-cuvee-qlaurenzq\/#breadcrumb","itemListElement":[{"@type":"ListItem","position":1,"name":"Home","item":"https:\/\/whynotwein.eu\/fr\/"},{"@type":"ListItem","position":2,"name":"Assemblage Cuv\u00e9e \u00ab\u00a0Laurenz\u00a0\u00bb"}]},{"@type":"WebSite","@id":"https:\/\/whynotwein.eu\/fr\/#website","url":"https:\/\/whynotwein.eu\/fr\/","name":"WhyNotWein","description":"Austrian Wines in Belgium","publisher":{"@id":"https:\/\/whynotwein.eu\/fr\/#organization"},"potentialAction":[{"@type":"SearchAction","target":{"@type":"EntryPoint","urlTemplate":"https:\/\/whynotwein.eu\/fr\/?s={search_term_string}"},"query-input":{"@type":"PropertyValueSpecification","valueRequired":true,"valueName":"search_term_string"}}],"inLanguage":"fr-FR"},{"@type":"Organization","@id":"https:\/\/whynotwein.eu\/fr\/#organization","name":"WhyNotWein","url":"https:\/\/whynotwein.eu\/fr\/","logo":{"@type":"ImageObject","inLanguage":"fr-FR","@id":"https:\/\/whynotwein.eu\/fr\/#\/schema\/logo\/image\/","url":"https:\/\/whynotwein.eu\/wp-content\/uploads\/2015\/12\/WhyNotWein_Logo_340.png","contentUrl":"https:\/\/whynotwein.eu\/wp-content\/uploads\/2015\/12\/WhyNotWein_Logo_340.png","width":340,"height":156,"caption":"WhyNotWein"},"image":{"@id":"https:\/\/whynotwein.eu\/fr\/#\/schema\/logo\/image\/"}},{"@type":"Person","@id":"https:\/\/whynotwein.eu\/fr\/#\/schema\/person\/f0084fde0f56ffed341ea2262b985a7a","name":"Ren\u00e9 Clausen","image":{"@type":"ImageObject","inLanguage":"fr-FR","@id":"https:\/\/secure.gravatar.com\/avatar\/8daa49b7d100944f0b74fc367a6e5f66fc84faf4e17c6869b24f1c213416e860?s=96&d=mm&r=g","url":"https:\/\/secure.gravatar.com\/avatar\/8daa49b7d100944f0b74fc367a6e5f66fc84faf4e17c6869b24f1c213416e860?s=96&d=mm&r=g","contentUrl":"https:\/\/secure.gravatar.com\/avatar\/8daa49b7d100944f0b74fc367a6e5f66fc84faf4e17c6869b24f1c213416e860?s=96&d=mm&r=g","caption":"Ren\u00e9 Clausen"},"url":"https:\/\/whynotwein.eu\/fr\/author\/rene\/"}]}},"uagb_featured_image_src":{"full":["https:\/\/pswp.fra1.digitaloceanspaces.com\/w\/20250922171210\/Assemblage2013.png",600,611,false],"thumbnail":["https:\/\/pswp.fra1.digitaloceanspaces.com\/w\/20250922171210\/Assemblage2013-80x80.png",80,80,true],"medium":["https:\/\/pswp.fra1.digitaloceanspaces.com\/w\/20250922171210\/Assemblage2013-295x300.png",295,300,true],"medium_large":["https:\/\/pswp.fra1.digitaloceanspaces.com\/w\/20250922171210\/Assemblage2013.png",600,611,false],"large":["https:\/\/pswp.fra1.digitaloceanspaces.com\/w\/20250922171210\/Assemblage2013.png",600,611,false],"1536x1536":["https:\/\/pswp.fra1.digitaloceanspaces.com\/w\/20250922171210\/Assemblage2013.png",600,611,false],"2048x2048":["https:\/\/pswp.fra1.digitaloceanspaces.com\/w\/20250922171210\/Assemblage2013.png",600,611,false],"gform-image-choice-sm":["https:\/\/pswp.fra1.digitaloceanspaces.com\/w\/20250922171210\/Assemblage2013.png",295,300,false],"gform-image-choice-md":["https:\/\/pswp.fra1.digitaloceanspaces.com\/w\/20250922171210\/Assemblage2013.png",393,400,false],"gform-image-choice-lg":["https:\/\/pswp.fra1.digitaloceanspaces.com\/w\/20250922171210\/Assemblage2013.png",589,600,false],"woocommerce_thumbnail":["https:\/\/pswp.fra1.digitaloceanspaces.com\/w\/20250922171210\/Assemblage2013-450x450.png",450,450,true],"woocommerce_single":["https:\/\/pswp.fra1.digitaloceanspaces.com\/w\/20250922171210\/Assemblage2013-450x458.png",450,458,true],"woocommerce_gallery_thumbnail":["https:\/\/pswp.fra1.digitaloceanspaces.com\/w\/20250922171210\/Assemblage2013-100x100.png",100,100,true]},"uagb_author_info":{"display_name":"Ren\u00e9 Clausen","author_link":"https:\/\/whynotwein.eu\/fr\/author\/rene\/"},"uagb_comment_info":0,"uagb_excerpt":"Durch die Gro\u00dfz\u00fcgigkeit des befreundeten Weingutes STIEGELMAR, hatte ich die Gelegenheit bekommen meinen eigenen Rotwein zu kreieren. Nach etlichen Versuchen im Weinkeller fand ich mit etwas Hilfe von J\u00fcrgen Stiegelmar die richtige Mischung f\u00fcr den Cuv\u00e9e &#8220;LAURENZ&#8221;, benannt nach meinem neugeborenen Sohn. Eine sch\u00f6ne Mischung aus \u00f6sterreichischen und internationalen Trauben liegt bereits im Holzfa\u00df und&hellip;","_links":{"self":[{"href":"https:\/\/whynotwein.eu\/fr\/wp-json\/wp\/v2\/posts\/432","targetHints":{"allow":["GET"]}}],"collection":[{"href":"https:\/\/whynotwein.eu\/fr\/wp-json\/wp\/v2\/posts"}],"about":[{"href":"https:\/\/whynotwein.eu\/fr\/wp-json\/wp\/v2\/types\/post"}],"author":[{"embeddable":true,"href":"https:\/\/whynotwein.eu\/fr\/wp-json\/wp\/v2\/users\/2345"}],"replies":[{"embeddable":true,"href":"https:\/\/whynotwein.eu\/fr\/wp-json\/wp\/v2\/comments?post=432"}],"version-history":[{"count":3,"href":"https:\/\/whynotwein.eu\/fr\/wp-json\/wp\/v2\/posts\/432\/revisions"}],"predecessor-version":[{"id":8187,"href":"https:\/\/whynotwein.eu\/fr\/wp-json\/wp\/v2\/posts\/432\/revisions\/8187"}],"wp:featuredmedia":[{"embeddable":true,"href":"https:\/\/whynotwein.eu\/fr\/wp-json\/wp\/v2\/media\/8183"}],"wp:attachment":[{"href":"https:\/\/whynotwein.eu\/fr\/wp-json\/wp\/v2\/media?parent=432"}],"wp:term":[{"taxonomy":"category","embeddable":true,"href":"https:\/\/whynotwein.eu\/fr\/wp-json\/wp\/v2\/categories?post=432"},{"taxonomy":"post_tag","embeddable":true,"href":"https:\/\/whynotwein.eu\/fr\/wp-json\/wp\/v2\/tags?post=432"}],"curies":[{"name":"wp","href":"https:\/\/api.w.org\/{rel}","templated":true}]}}